{"id":6862,"date":"2017-03-28T11:07:20","date_gmt":"2017-03-28T11:07:20","guid":{"rendered":"http:\/\/sefox.net\/?p=6862"},"modified":"2020-07-07T09:19:35","modified_gmt":"2020-07-07T09:19:35","slug":"interzum-guangzhou-cin-fuari-28-31-mart-2017","status":"publish","type":"post","link":"https:\/\/www.sefox.net\/en\/interzum-guangzhou-cin-fuari-28-31-mart-2017\/","title":{"rendered":"Interzum Guangzhou China Fair 28-31 March 2017"},"content":{"rendered":"<p>[vc_row][vc_column][vc_single_image image=&#8221;6857&#8243; img_size=&#8221;full&#8221;][vc_column_text]Mart 28 &#8211; 31 2017 tarihlerinde Interzum Guangzhou&#8217;day\u0131z&#8230;<\/p>\n<p>Sefox olarak Interzum Guangzhou 2017 de Hall 15.1 Koridor F de Stant\u0131m\u0131za Bekleriz[\/vc_column_text][vc_row_inner][vc_column_inner width=&#8221;1\/2&#8243;][vc_single_image image=&#8221;6863&#8243; img_size=&#8221;full&#8221;][\/vc_column_inner][vc_column_inner width=&#8221;1\/2&#8243;][vc_single_image image=&#8221;6864&#8243; img_size=&#8221;full&#8221;][\/vc_column_inner][\/vc_row_inner][\/vc_column][\/vc_row]<\/p>","protected":false},"excerpt":{"rendered":"<p>[vc_row][vc_column][vc_single_image image=&#8221;6857&#8243; img_size=&#8221;full&#8221;][vc_column_text]Mart 28 &#8211; 31 2017 tarihlerinde Interzum Guangzhou&#8217;day\u0131z&#8230; Sefox olarak Interzum Guangzhou 2017 de Hall 15.1 Koridor F de Stant\u0131m\u0131za Bekleriz[\/vc_column_text][vc_row_inner][vc_column_inner width=&#8221;1\/2&#8243;][vc_single_image image=&#8221;6863&#8243; img_size=&#8221;full&#8221;][\/vc_column_inner][vc_column_inner width=&#8221;1\/2&#8243;][vc_single_image image=&#8221;6864&#8243; img_size=&#8221;full&#8221;][\/vc_column_inner][\/vc_row_inner][\/vc_column][\/vc_row]<\/p>","protected":false},"author":2,"featured_media":0,"comment_status":"open","ping_status":"open","sticky":false,"template":"","format":"standard","meta":{"footnotes":""},"categories":[88],"tags":[],"class_list":["post-6862","post","type-post","status-publish","format-standard","hentry","category-haberler"],"_links":{"self":[{"href":"https:\/\/www.sefox.net\/en\/wp-json\/wp\/v2\/posts\/6862"}],"collection":[{"href":"https:\/\/www.sefox.net\/en\/wp-json\/wp\/v2\/posts"}],"about":[{"href":"https:\/\/www.sefox.net\/en\/wp-json\/wp\/v2\/types\/post"}],"author":[{"embeddable":true,"href":"https:\/\/www.sefox.net\/en\/wp-json\/wp\/v2\/users\/2"}],"replies":[{"embeddable":true,"href":"https:\/\/www.sefox.net\/en\/wp-json\/wp\/v2\/comments?post=6862"}],"version-history":[{"count":2,"href":"https:\/\/www.sefox.net\/en\/wp-json\/wp\/v2\/posts\/6862\/revisions"}],"predecessor-version":[{"id":7671,"href":"https:\/\/www.sefox.net\/en\/wp-json\/wp\/v2\/posts\/6862\/revisions\/7671"}],"wp:attachment":[{"href":"https:\/\/www.sefox.net\/en\/wp-json\/wp\/v2\/media?parent=6862"}],"wp:term":[{"taxonomy":"category","embeddable":true,"href":"https:\/\/www.sefox.net\/en\/wp-json\/wp\/v2\/categories?post=6862"},{"taxonomy":"post_tag","embeddable":true,"href":"https:\/\/www.sefox.net\/en\/wp-json\/wp\/v2\/tags?post=6862"}],"curies":[{"name":"wp","href":"https:\/\/api.w.org\/{rel}","templated":true}]}}