{"id":6852,"date":"2018-03-28T11:04:50","date_gmt":"2018-03-28T11:04:50","guid":{"rendered":"http:\/\/sefox.net\/?p=6852"},"modified":"2020-07-07T09:19:23","modified_gmt":"2020-07-07T09:19:23","slug":"interzum-guangzhou-2018","status":"publish","type":"post","link":"https:\/\/www.sefox.net\/en\/interzum-guangzhou-2018\/","title":{"rendered":"Interzum Guangzhou 2018"},"content":{"rendered":"<p>[vc_row][vc_column][vc_column_text]SEFOX Ailesi Olarak \u00c7in Uluslararas\u0131 Yatak Fuar\u0131na 28-31 Mart Tarhileri Aras\u0131nda Kat\u0131l\u0131mc\u0131 Olarak Bulundu\u011fumuzun Bilgisini Vermekten Memnuniyet Duymaktay\u0131z.<\/p>\n<p>Bizleri Hall 15.1 Numara D-23 te Bulabilirsiniz. Ziyaretlerinizi Bekliyoruz[\/vc_column_text][vc_single_image image=&#8221;6857&#8243; img_size=&#8221;full&#8221; alignment=&#8221;center&#8221;][vc_row_inner][vc_column_inner width=&#8221;1\/3&#8243;][vc_single_image image=&#8221;6858&#8243; img_size=&#8221;full&#8221;][\/vc_column_inner][vc_column_inner width=&#8221;1\/3&#8243;][vc_single_image image=&#8221;6859&#8243; img_size=&#8221;full&#8221;][\/vc_column_inner][vc_column_inner width=&#8221;1\/3&#8243;][vc_single_image image=&#8221;6860&#8243; img_size=&#8221;full&#8221;][\/vc_column_inner][\/vc_row_inner][\/vc_column][\/vc_row]<\/p>","protected":false},"excerpt":{"rendered":"<p>[vc_row][vc_column][vc_column_text]SEFOX Ailesi Olarak \u00c7in Uluslararas\u0131 Yatak Fuar\u0131na 28-31 Mart Tarhileri Aras\u0131nda Kat\u0131l\u0131mc\u0131 Olarak Bulundu\u011fumuzun Bilgisini Vermekten Memnuniyet Duymaktay\u0131z. Bizleri Hall 15.1 Numara D-23 te Bulabilirsiniz. Ziyaretlerinizi Bekliyoruz[\/vc_column_text][vc_single_image image=&#8221;6857&#8243; img_size=&#8221;full&#8221; alignment=&#8221;center&#8221;][vc_row_inner][vc_column_inner width=&#8221;1\/3&#8243;][vc_single_image image=&#8221;6858&#8243; img_size=&#8221;full&#8221;][\/vc_column_inner][vc_column_inner width=&#8221;1\/3&#8243;][vc_single_image image=&#8221;6859&#8243; img_size=&#8221;full&#8221;][\/vc_column_inner][vc_column_inner width=&#8221;1\/3&#8243;][vc_single_image image=&#8221;6860&#8243; img_size=&#8221;full&#8221;][\/vc_column_inner][\/vc_row_inner][\/vc_column][\/vc_row]<\/p>","protected":false},"author":2,"featured_media":0,"comment_status":"open","ping_status":"open","sticky":false,"template":"","format":"standard","meta":{"footnotes":""},"categories":[88],"tags":[],"class_list":["post-6852","post","type-post","status-publish","format-standard","hentry","category-haberler"],"_links":{"self":[{"href":"https:\/\/www.sefox.net\/en\/wp-json\/wp\/v2\/posts\/6852"}],"collection":[{"href":"https:\/\/www.sefox.net\/en\/wp-json\/wp\/v2\/posts"}],"about":[{"href":"https:\/\/www.sefox.net\/en\/wp-json\/wp\/v2\/types\/post"}],"author":[{"embeddable":true,"href":"https:\/\/www.sefox.net\/en\/wp-json\/wp\/v2\/users\/2"}],"replies":[{"embeddable":true,"href":"https:\/\/www.sefox.net\/en\/wp-json\/wp\/v2\/comments?post=6852"}],"version-history":[{"count":2,"href":"https:\/\/www.sefox.net\/en\/wp-json\/wp\/v2\/posts\/6852\/revisions"}],"predecessor-version":[{"id":7670,"href":"https:\/\/www.sefox.net\/en\/wp-json\/wp\/v2\/posts\/6852\/revisions\/7670"}],"wp:attachment":[{"href":"https:\/\/www.sefox.net\/en\/wp-json\/wp\/v2\/media?parent=6852"}],"wp:term":[{"taxonomy":"category","embeddable":true,"href":"https:\/\/www.sefox.net\/en\/wp-json\/wp\/v2\/categories?post=6852"},{"taxonomy":"post_tag","embeddable":true,"href":"https:\/\/www.sefox.net\/en\/wp-json\/wp\/v2\/tags?post=6852"}],"curies":[{"name":"wp","href":"https:\/\/api.w.org\/{rel}","templated":true}]}}